{"id":1777,"date":"2020-05-15T09:18:13","date_gmt":"2020-05-15T07:18:13","guid":{"rendered":"https:\/\/www.hoffmann-firmengruppe.de\/aktuelles\/?p=1777"},"modified":"2020-05-15T09:19:11","modified_gmt":"2020-05-15T07:19:11","slug":"hoffmann-ausbildungsoffensive-wegen-corona-hat-sich-auch-unsere-bewerbungsrunde-verschoben","status":"publish","type":"post","link":"https:\/\/www.hoffmann-firmengruppe.de\/aktuelles\/hoffmann-ausbildungsoffensive-wegen-corona-hat-sich-auch-unsere-bewerbungsrunde-verschoben\/","title":{"rendered":"Hoffmann Ausbildungsoffensive. Wegen Corona hat sich auch unsere Bewerbungsrunde verschoben."},"content":{"rendered":"<p><strong>Wir haben noch freie Ausbildungspl\u00e4tze f\u00fcr Start September 2020. Also jetzt bewerben! \u00dcbrigens: die Kosten f\u00fcr deine F\u00fchrerschein-Ausbildung \u00fcbernehmen wir.<\/strong><\/p>\n<p><img loading=\"lazy\" decoding=\"async\" class=\"alignnone size-full wp-image-1682\" src=\"https:\/\/www.hoffmann-firmengruppe.de\/aktuelles\/wp-content\/uploads\/2020\/03\/200212_Hoffmann_Azubisuche_FB_Post.jpg\" alt=\"Ausbildung bei der Hoffmann Firmengruppe: Ausbildung zum Spengler\/in\" width=\"600\" height=\"800\" srcset=\"https:\/\/www.hoffmann-firmengruppe.de\/aktuelles\/wp-content\/uploads\/2020\/03\/200212_Hoffmann_Azubisuche_FB_Post.jpg 600w, https:\/\/www.hoffmann-firmengruppe.de\/aktuelles\/wp-content\/uploads\/2020\/03\/200212_Hoffmann_Azubisuche_FB_Post-225x300.jpg 225w\" sizes=\"auto, (max-width: 600px) 100vw, 600px\" \/> <img loading=\"lazy\" decoding=\"async\" class=\"alignnone size-full wp-image-1691\" src=\"https:\/\/www.hoffmann-firmengruppe.de\/aktuelles\/wp-content\/uploads\/2020\/03\/200212_Hoffmann_Azubisuche_FB_Post-2.jpg\" alt=\"Ausbildung bei der Hoffmann Firmengruppe: Ausbildung zum Anlagenmechaniker\/in\" width=\"600\" height=\"800\" srcset=\"https:\/\/www.hoffmann-firmengruppe.de\/aktuelles\/wp-content\/uploads\/2020\/03\/200212_Hoffmann_Azubisuche_FB_Post-2.jpg 600w, https:\/\/www.hoffmann-firmengruppe.de\/aktuelles\/wp-content\/uploads\/2020\/03\/200212_Hoffmann_Azubisuche_FB_Post-2-225x300.jpg 225w\" sizes=\"auto, (max-width: 600px) 100vw, 600px\" \/><\/p>\n","protected":false},"excerpt":{"rendered":"<p>Wir haben noch freie Ausbildungspl\u00e4tze f\u00fcr Start September 2020. Also jetzt bewerben! \u00dcbrigens: die Kosten f\u00fcr deine F\u00fchrerschein-Ausbildung \u00fcbernehmen wir.<\/p>\n","protected":false},"author":1,"featured_media":1682,"comment_status":"closed","ping_status":"open","sticky":false,"template":"","format":"standard","meta":{"footnotes":""},"categories":[5],"tags":[],"class_list":["post-1777","post","type-post","status-publish","format-standard","has-post-thumbnail","hentry","category-hoffmann-handwerk"],"yoast_head":"<!-- This site is optimized with the Yoast SEO plugin v26.0 - https:\/\/yoast.com\/wordpress\/plugins\/seo\/ -->\n<title>Hoffmann Ausbildungsoffensive. Wegen Corona hat sich auch unsere Bewerbungsrunde verschoben. - Hoffmann Firmengruppe<\/title>\n<meta name=\"robots\" content=\"index, follow, max-snippet:-1, max-image-preview:large, max-video-preview:-1\" \/>\n<link rel=\"canonical\" href=\"https:\/\/www.hoffmann-firmengruppe.de\/aktuelles\/hoffmann-ausbildungsoffensive-wegen-corona-hat-sich-auch-unsere-bewerbungsrunde-verschoben\/\" \/>\n<meta property=\"og:locale\" content=\"de_DE\" \/>\n<meta property=\"og:type\" content=\"article\" \/>\n<meta property=\"og:title\" content=\"Hoffmann Ausbildungsoffensive. Wegen Corona hat sich auch unsere Bewerbungsrunde verschoben. - Hoffmann Firmengruppe\" \/>\n<meta property=\"og:description\" content=\"Wir haben noch freie Ausbildungspl\u00e4tze f\u00fcr Start September 2020. Also jetzt bewerben! \u00dcbrigens: die Kosten f\u00fcr deine F\u00fchrerschein-Ausbildung \u00fcbernehmen wir.\" \/>\n<meta property=\"og:url\" content=\"https:\/\/www.hoffmann-firmengruppe.de\/aktuelles\/hoffmann-ausbildungsoffensive-wegen-corona-hat-sich-auch-unsere-bewerbungsrunde-verschoben\/\" \/>\n<meta property=\"og:site_name\" content=\"Hoffmann Firmengruppe\" \/>\n<meta property=\"article:published_time\" content=\"2020-05-15T07:18:13+00:00\" \/>\n<meta property=\"article:modified_time\" content=\"2020-05-15T07:19:11+00:00\" \/>\n<meta property=\"og:image\" content=\"https:\/\/www.hoffmann-firmengruppe.de\/aktuelles\/wp-content\/uploads\/2020\/03\/200212_Hoffmann_Azubisuche_FB_Post.jpg\" \/>\n\t<meta property=\"og:image:width\" content=\"600\" \/>\n\t<meta property=\"og:image:height\" content=\"800\" \/>\n\t<meta property=\"og:image:type\" content=\"image\/jpeg\" \/>\n<meta name=\"author\" content=\"Julia\" \/>\n<meta name=\"twitter:card\" content=\"summary_large_image\" \/>\n<meta name=\"twitter:label1\" content=\"Verfasst von\" \/>\n\t<meta name=\"twitter:data1\" content=\"Julia\" \/>\n<script type=\"application\/ld+json\" class=\"yoast-schema-graph\">{\"@context\":\"https:\/\/schema.org\",\"@graph\":[{\"@type\":\"Article\",\"@id\":\"https:\/\/www.hoffmann-firmengruppe.de\/aktuelles\/hoffmann-ausbildungsoffensive-wegen-corona-hat-sich-auch-unsere-bewerbungsrunde-verschoben\/#article\",\"isPartOf\":{\"@id\":\"https:\/\/www.hoffmann-firmengruppe.de\/aktuelles\/hoffmann-ausbildungsoffensive-wegen-corona-hat-sich-auch-unsere-bewerbungsrunde-verschoben\/\"},\"author\":{\"name\":\"Julia\",\"@id\":\"https:\/\/www.hoffmann-firmengruppe.de\/aktuelles\/#\/schema\/person\/b838f13e9265ab602c3580510fe6531a\"},\"headline\":\"Hoffmann Ausbildungsoffensive. Wegen Corona hat sich auch unsere Bewerbungsrunde verschoben.\",\"datePublished\":\"2020-05-15T07:18:13+00:00\",\"dateModified\":\"2020-05-15T07:19:11+00:00\",\"mainEntityOfPage\":{\"@id\":\"https:\/\/www.hoffmann-firmengruppe.de\/aktuelles\/hoffmann-ausbildungsoffensive-wegen-corona-hat-sich-auch-unsere-bewerbungsrunde-verschoben\/\"},\"wordCount\":33,\"publisher\":{\"@id\":\"https:\/\/www.hoffmann-firmengruppe.de\/aktuelles\/#organization\"},\"image\":{\"@id\":\"https:\/\/www.hoffmann-firmengruppe.de\/aktuelles\/hoffmann-ausbildungsoffensive-wegen-corona-hat-sich-auch-unsere-bewerbungsrunde-verschoben\/#primaryimage\"},\"thumbnailUrl\":\"https:\/\/www.hoffmann-firmengruppe.de\/aktuelles\/wp-content\/uploads\/2020\/03\/200212_Hoffmann_Azubisuche_FB_Post.jpg\",\"articleSection\":[\"Hoffmann Handwerk\"],\"inLanguage\":\"de\"},{\"@type\":\"WebPage\",\"@id\":\"https:\/\/www.hoffmann-firmengruppe.de\/aktuelles\/hoffmann-ausbildungsoffensive-wegen-corona-hat-sich-auch-unsere-bewerbungsrunde-verschoben\/\",\"url\":\"https:\/\/www.hoffmann-firmengruppe.de\/aktuelles\/hoffmann-ausbildungsoffensive-wegen-corona-hat-sich-auch-unsere-bewerbungsrunde-verschoben\/\",\"name\":\"Hoffmann Ausbildungsoffensive. Wegen Corona hat sich auch unsere Bewerbungsrunde verschoben. - Hoffmann Firmengruppe\",\"isPartOf\":{\"@id\":\"https:\/\/www.hoffmann-firmengruppe.de\/aktuelles\/#website\"},\"primaryImageOfPage\":{\"@id\":\"https:\/\/www.hoffmann-firmengruppe.de\/aktuelles\/hoffmann-ausbildungsoffensive-wegen-corona-hat-sich-auch-unsere-bewerbungsrunde-verschoben\/#primaryimage\"},\"image\":{\"@id\":\"https:\/\/www.hoffmann-firmengruppe.de\/aktuelles\/hoffmann-ausbildungsoffensive-wegen-corona-hat-sich-auch-unsere-bewerbungsrunde-verschoben\/#primaryimage\"},\"thumbnailUrl\":\"https:\/\/www.hoffmann-firmengruppe.de\/aktuelles\/wp-content\/uploads\/2020\/03\/200212_Hoffmann_Azubisuche_FB_Post.jpg\",\"datePublished\":\"2020-05-15T07:18:13+00:00\",\"dateModified\":\"2020-05-15T07:19:11+00:00\",\"breadcrumb\":{\"@id\":\"https:\/\/www.hoffmann-firmengruppe.de\/aktuelles\/hoffmann-ausbildungsoffensive-wegen-corona-hat-sich-auch-unsere-bewerbungsrunde-verschoben\/#breadcrumb\"},\"inLanguage\":\"de\",\"potentialAction\":[{\"@type\":\"ReadAction\",\"target\":[\"https:\/\/www.hoffmann-firmengruppe.de\/aktuelles\/hoffmann-ausbildungsoffensive-wegen-corona-hat-sich-auch-unsere-bewerbungsrunde-verschoben\/\"]}]},{\"@type\":\"ImageObject\",\"inLanguage\":\"de\",\"@id\":\"https:\/\/www.hoffmann-firmengruppe.de\/aktuelles\/hoffmann-ausbildungsoffensive-wegen-corona-hat-sich-auch-unsere-bewerbungsrunde-verschoben\/#primaryimage\",\"url\":\"https:\/\/www.hoffmann-firmengruppe.de\/aktuelles\/wp-content\/uploads\/2020\/03\/200212_Hoffmann_Azubisuche_FB_Post.jpg\",\"contentUrl\":\"https:\/\/www.hoffmann-firmengruppe.de\/aktuelles\/wp-content\/uploads\/2020\/03\/200212_Hoffmann_Azubisuche_FB_Post.jpg\",\"width\":600,\"height\":800,\"caption\":\"Ausbildung bei der Hoffmann Firmengruppe: Ausbildung zum Spengler\/in oder Anlagenmechaniker\/in\"},{\"@type\":\"BreadcrumbList\",\"@id\":\"https:\/\/www.hoffmann-firmengruppe.de\/aktuelles\/hoffmann-ausbildungsoffensive-wegen-corona-hat-sich-auch-unsere-bewerbungsrunde-verschoben\/#breadcrumb\",\"itemListElement\":[{\"@type\":\"ListItem\",\"position\":1,\"name\":\"Startseite\",\"item\":\"https:\/\/www.hoffmann-firmengruppe.de\/aktuelles\/\"},{\"@type\":\"ListItem\",\"position\":2,\"name\":\"Hoffmann Ausbildungsoffensive. Wegen Corona hat sich auch unsere Bewerbungsrunde verschoben.\"}]},{\"@type\":\"WebSite\",\"@id\":\"https:\/\/www.hoffmann-firmengruppe.de\/aktuelles\/#website\",\"url\":\"https:\/\/www.hoffmann-firmengruppe.de\/aktuelles\/\",\"name\":\"Hoffmann Firmengruppe\",\"description\":\"\",\"publisher\":{\"@id\":\"https:\/\/www.hoffmann-firmengruppe.de\/aktuelles\/#organization\"},\"potentialAction\":[{\"@type\":\"SearchAction\",\"target\":{\"@type\":\"EntryPoint\",\"urlTemplate\":\"https:\/\/www.hoffmann-firmengruppe.de\/aktuelles\/?s={search_term_string}\"},\"query-input\":{\"@type\":\"PropertyValueSpecification\",\"valueRequired\":true,\"valueName\":\"search_term_string\"}}],\"inLanguage\":\"de\"},{\"@type\":\"Organization\",\"@id\":\"https:\/\/www.hoffmann-firmengruppe.de\/aktuelles\/#organization\",\"name\":\"Hoffmann Firmengruppe\",\"url\":\"https:\/\/www.hoffmann-firmengruppe.de\/aktuelles\/\",\"logo\":{\"@type\":\"ImageObject\",\"inLanguage\":\"de\",\"@id\":\"https:\/\/www.hoffmann-firmengruppe.de\/aktuelles\/#\/schema\/logo\/image\/\",\"url\":\"https:\/\/www.hoffmann-firmengruppe.de\/aktuelles\/wp-content\/uploads\/2019\/11\/home-button.png\",\"contentUrl\":\"https:\/\/www.hoffmann-firmengruppe.de\/aktuelles\/wp-content\/uploads\/2019\/11\/home-button.png\",\"width\":42,\"height\":42,\"caption\":\"Hoffmann Firmengruppe\"},\"image\":{\"@id\":\"https:\/\/www.hoffmann-firmengruppe.de\/aktuelles\/#\/schema\/logo\/image\/\"}},{\"@type\":\"Person\",\"@id\":\"https:\/\/www.hoffmann-firmengruppe.de\/aktuelles\/#\/schema\/person\/b838f13e9265ab602c3580510fe6531a\",\"name\":\"Julia\",\"image\":{\"@type\":\"ImageObject\",\"inLanguage\":\"de\",\"@id\":\"https:\/\/www.hoffmann-firmengruppe.de\/aktuelles\/#\/schema\/person\/image\/\",\"url\":\"https:\/\/secure.gravatar.com\/avatar\/d8f4416e5b57f5ae793412f543fce0398818bc3fcdb3d8126fa25ede5388acd2?s=96&d=mm&r=g\",\"contentUrl\":\"https:\/\/secure.gravatar.com\/avatar\/d8f4416e5b57f5ae793412f543fce0398818bc3fcdb3d8126fa25ede5388acd2?s=96&d=mm&r=g\",\"caption\":\"Julia\"},\"url\":\"https:\/\/www.hoffmann-firmengruppe.de\/aktuelles\/author\/admin-jdei\/\"}]}<\/script>\n<!-- \/ Yoast SEO plugin. -->","yoast_head_json":{"title":"Hoffmann Ausbildungsoffensive. Wegen Corona hat sich auch unsere Bewerbungsrunde verschoben. - Hoffmann Firmengruppe","robots":{"index":"index","follow":"follow","max-snippet":"max-snippet:-1","max-image-preview":"max-image-preview:large","max-video-preview":"max-video-preview:-1"},"canonical":"https:\/\/www.hoffmann-firmengruppe.de\/aktuelles\/hoffmann-ausbildungsoffensive-wegen-corona-hat-sich-auch-unsere-bewerbungsrunde-verschoben\/","og_locale":"de_DE","og_type":"article","og_title":"Hoffmann Ausbildungsoffensive. Wegen Corona hat sich auch unsere Bewerbungsrunde verschoben. - Hoffmann Firmengruppe","og_description":"Wir haben noch freie Ausbildungspl\u00e4tze f\u00fcr Start September 2020. Also jetzt bewerben! \u00dcbrigens: die Kosten f\u00fcr deine F\u00fchrerschein-Ausbildung \u00fcbernehmen wir.","og_url":"https:\/\/www.hoffmann-firmengruppe.de\/aktuelles\/hoffmann-ausbildungsoffensive-wegen-corona-hat-sich-auch-unsere-bewerbungsrunde-verschoben\/","og_site_name":"Hoffmann Firmengruppe","article_published_time":"2020-05-15T07:18:13+00:00","article_modified_time":"2020-05-15T07:19:11+00:00","og_image":[{"width":600,"height":800,"url":"https:\/\/www.hoffmann-firmengruppe.de\/aktuelles\/wp-content\/uploads\/2020\/03\/200212_Hoffmann_Azubisuche_FB_Post.jpg","type":"image\/jpeg"}],"author":"Julia","twitter_card":"summary_large_image","twitter_misc":{"Verfasst von":"Julia"},"schema":{"@context":"https:\/\/schema.org","@graph":[{"@type":"Article","@id":"https:\/\/www.hoffmann-firmengruppe.de\/aktuelles\/hoffmann-ausbildungsoffensive-wegen-corona-hat-sich-auch-unsere-bewerbungsrunde-verschoben\/#article","isPartOf":{"@id":"https:\/\/www.hoffmann-firmengruppe.de\/aktuelles\/hoffmann-ausbildungsoffensive-wegen-corona-hat-sich-auch-unsere-bewerbungsrunde-verschoben\/"},"author":{"name":"Julia","@id":"https:\/\/www.hoffmann-firmengruppe.de\/aktuelles\/#\/schema\/person\/b838f13e9265ab602c3580510fe6531a"},"headline":"Hoffmann Ausbildungsoffensive. Wegen Corona hat sich auch unsere Bewerbungsrunde verschoben.","datePublished":"2020-05-15T07:18:13+00:00","dateModified":"2020-05-15T07:19:11+00:00","mainEntityOfPage":{"@id":"https:\/\/www.hoffmann-firmengruppe.de\/aktuelles\/hoffmann-ausbildungsoffensive-wegen-corona-hat-sich-auch-unsere-bewerbungsrunde-verschoben\/"},"wordCount":33,"publisher":{"@id":"https:\/\/www.hoffmann-firmengruppe.de\/aktuelles\/#organization"},"image":{"@id":"https:\/\/www.hoffmann-firmengruppe.de\/aktuelles\/hoffmann-ausbildungsoffensive-wegen-corona-hat-sich-auch-unsere-bewerbungsrunde-verschoben\/#primaryimage"},"thumbnailUrl":"https:\/\/www.hoffmann-firmengruppe.de\/aktuelles\/wp-content\/uploads\/2020\/03\/200212_Hoffmann_Azubisuche_FB_Post.jpg","articleSection":["Hoffmann Handwerk"],"inLanguage":"de"},{"@type":"WebPage","@id":"https:\/\/www.hoffmann-firmengruppe.de\/aktuelles\/hoffmann-ausbildungsoffensive-wegen-corona-hat-sich-auch-unsere-bewerbungsrunde-verschoben\/","url":"https:\/\/www.hoffmann-firmengruppe.de\/aktuelles\/hoffmann-ausbildungsoffensive-wegen-corona-hat-sich-auch-unsere-bewerbungsrunde-verschoben\/","name":"Hoffmann Ausbildungsoffensive. Wegen Corona hat sich auch unsere Bewerbungsrunde verschoben. - Hoffmann Firmengruppe","isPartOf":{"@id":"https:\/\/www.hoffmann-firmengruppe.de\/aktuelles\/#website"},"primaryImageOfPage":{"@id":"https:\/\/www.hoffmann-firmengruppe.de\/aktuelles\/hoffmann-ausbildungsoffensive-wegen-corona-hat-sich-auch-unsere-bewerbungsrunde-verschoben\/#primaryimage"},"image":{"@id":"https:\/\/www.hoffmann-firmengruppe.de\/aktuelles\/hoffmann-ausbildungsoffensive-wegen-corona-hat-sich-auch-unsere-bewerbungsrunde-verschoben\/#primaryimage"},"thumbnailUrl":"https:\/\/www.hoffmann-firmengruppe.de\/aktuelles\/wp-content\/uploads\/2020\/03\/200212_Hoffmann_Azubisuche_FB_Post.jpg","datePublished":"2020-05-15T07:18:13+00:00","dateModified":"2020-05-15T07:19:11+00:00","breadcrumb":{"@id":"https:\/\/www.hoffmann-firmengruppe.de\/aktuelles\/hoffmann-ausbildungsoffensive-wegen-corona-hat-sich-auch-unsere-bewerbungsrunde-verschoben\/#breadcrumb"},"inLanguage":"de","potentialAction":[{"@type":"ReadAction","target":["https:\/\/www.hoffmann-firmengruppe.de\/aktuelles\/hoffmann-ausbildungsoffensive-wegen-corona-hat-sich-auch-unsere-bewerbungsrunde-verschoben\/"]}]},{"@type":"ImageObject","inLanguage":"de","@id":"https:\/\/www.hoffmann-firmengruppe.de\/aktuelles\/hoffmann-ausbildungsoffensive-wegen-corona-hat-sich-auch-unsere-bewerbungsrunde-verschoben\/#primaryimage","url":"https:\/\/www.hoffmann-firmengruppe.de\/aktuelles\/wp-content\/uploads\/2020\/03\/200212_Hoffmann_Azubisuche_FB_Post.jpg","contentUrl":"https:\/\/www.hoffmann-firmengruppe.de\/aktuelles\/wp-content\/uploads\/2020\/03\/200212_Hoffmann_Azubisuche_FB_Post.jpg","width":600,"height":800,"caption":"Ausbildung bei der Hoffmann Firmengruppe: Ausbildung zum Spengler\/in oder Anlagenmechaniker\/in"},{"@type":"BreadcrumbList","@id":"https:\/\/www.hoffmann-firmengruppe.de\/aktuelles\/hoffmann-ausbildungsoffensive-wegen-corona-hat-sich-auch-unsere-bewerbungsrunde-verschoben\/#breadcrumb","itemListElement":[{"@type":"ListItem","position":1,"name":"Startseite","item":"https:\/\/www.hoffmann-firmengruppe.de\/aktuelles\/"},{"@type":"ListItem","position":2,"name":"Hoffmann Ausbildungsoffensive. Wegen Corona hat sich auch unsere Bewerbungsrunde verschoben."}]},{"@type":"WebSite","@id":"https:\/\/www.hoffmann-firmengruppe.de\/aktuelles\/#website","url":"https:\/\/www.hoffmann-firmengruppe.de\/aktuelles\/","name":"Hoffmann Firmengruppe","description":"","publisher":{"@id":"https:\/\/www.hoffmann-firmengruppe.de\/aktuelles\/#organization"},"potentialAction":[{"@type":"SearchAction","target":{"@type":"EntryPoint","urlTemplate":"https:\/\/www.hoffmann-firmengruppe.de\/aktuelles\/?s={search_term_string}"},"query-input":{"@type":"PropertyValueSpecification","valueRequired":true,"valueName":"search_term_string"}}],"inLanguage":"de"},{"@type":"Organization","@id":"https:\/\/www.hoffmann-firmengruppe.de\/aktuelles\/#organization","name":"Hoffmann Firmengruppe","url":"https:\/\/www.hoffmann-firmengruppe.de\/aktuelles\/","logo":{"@type":"ImageObject","inLanguage":"de","@id":"https:\/\/www.hoffmann-firmengruppe.de\/aktuelles\/#\/schema\/logo\/image\/","url":"https:\/\/www.hoffmann-firmengruppe.de\/aktuelles\/wp-content\/uploads\/2019\/11\/home-button.png","contentUrl":"https:\/\/www.hoffmann-firmengruppe.de\/aktuelles\/wp-content\/uploads\/2019\/11\/home-button.png","width":42,"height":42,"caption":"Hoffmann Firmengruppe"},"image":{"@id":"https:\/\/www.hoffmann-firmengruppe.de\/aktuelles\/#\/schema\/logo\/image\/"}},{"@type":"Person","@id":"https:\/\/www.hoffmann-firmengruppe.de\/aktuelles\/#\/schema\/person\/b838f13e9265ab602c3580510fe6531a","name":"Julia","image":{"@type":"ImageObject","inLanguage":"de","@id":"https:\/\/www.hoffmann-firmengruppe.de\/aktuelles\/#\/schema\/person\/image\/","url":"https:\/\/secure.gravatar.com\/avatar\/d8f4416e5b57f5ae793412f543fce0398818bc3fcdb3d8126fa25ede5388acd2?s=96&d=mm&r=g","contentUrl":"https:\/\/secure.gravatar.com\/avatar\/d8f4416e5b57f5ae793412f543fce0398818bc3fcdb3d8126fa25ede5388acd2?s=96&d=mm&r=g","caption":"Julia"},"url":"https:\/\/www.hoffmann-firmengruppe.de\/aktuelles\/author\/admin-jdei\/"}]}},"_links":{"self":[{"href":"https:\/\/www.hoffmann-firmengruppe.de\/aktuelles\/wp-json\/wp\/v2\/posts\/1777","targetHints":{"allow":["GET"]}}],"collection":[{"href":"https:\/\/www.hoffmann-firmengruppe.de\/aktuelles\/wp-json\/wp\/v2\/posts"}],"about":[{"href":"https:\/\/www.hoffmann-firmengruppe.de\/aktuelles\/wp-json\/wp\/v2\/types\/post"}],"author":[{"embeddable":true,"href":"https:\/\/www.hoffmann-firmengruppe.de\/aktuelles\/wp-json\/wp\/v2\/users\/1"}],"replies":[{"embeddable":true,"href":"https:\/\/www.hoffmann-firmengruppe.de\/aktuelles\/wp-json\/wp\/v2\/comments?post=1777"}],"version-history":[{"count":2,"href":"https:\/\/www.hoffmann-firmengruppe.de\/aktuelles\/wp-json\/wp\/v2\/posts\/1777\/revisions"}],"predecessor-version":[{"id":1779,"href":"https:\/\/www.hoffmann-firmengruppe.de\/aktuelles\/wp-json\/wp\/v2\/posts\/1777\/revisions\/1779"}],"wp:featuredmedia":[{"embeddable":true,"href":"https:\/\/www.hoffmann-firmengruppe.de\/aktuelles\/wp-json\/wp\/v2\/media\/1682"}],"wp:attachment":[{"href":"https:\/\/www.hoffmann-firmengruppe.de\/aktuelles\/wp-json\/wp\/v2\/media?parent=1777"}],"wp:term":[{"taxonomy":"category","embeddable":true,"href":"https:\/\/www.hoffmann-firmengruppe.de\/aktuelles\/wp-json\/wp\/v2\/categories?post=1777"},{"taxonomy":"post_tag","embeddable":true,"href":"https:\/\/www.hoffmann-firmengruppe.de\/aktuelles\/wp-json\/wp\/v2\/tags?post=1777"}],"curies":[{"name":"wp","href":"https:\/\/api.w.org\/{rel}","templated":true}]}}